{"id":3063,"date":"2015-06-26T17:01:46","date_gmt":"2015-06-26T15:01:46","guid":{"rendered":"https:\/\/clicknet.ch\/wordpress\/?p=3063"},"modified":"2023-05-04T14:03:38","modified_gmt":"2023-05-04T12:03:38","slug":"clicknet-fotogalerie-deutschland-suedschweden-daenemark-25-mai-26-juni-2015","status":"publish","type":"post","link":"https:\/\/clicknet.ch\/wordpress\/?p=3063","title":{"rendered":"clicknet fotogalerie deutschland-s\u00fcdschweden-d\u00e4nemark 25. Mai &#8211; 26. Juni 2015"},"content":{"rendered":"<p><a href=\"https:\/\/clicknet.ch\/wordpress\/?p=3017\">&lt;&lt; zur\u00fcck<\/a>&nbsp; &nbsp; &nbsp; &nbsp;<a href=\"https:\/\/clicknet.ch\/wordpress\/?s=Schweden\">alle Bilder S\u00fcdschweden &#8211; D\u00e4nemark<\/a>&nbsp; &nbsp; &nbsp; <a href=\"https:\/\/clicknet.ch\/wordpress\/?p=268\" target=\"_blank\" rel=\"noopener\">Reise-Blog &gt;&gt;<\/a><\/p>\n<hr \/>\n<p>25.05.2015&nbsp; &nbsp;<a href=\"https:\/\/clicknet.ch\/wordpress\/?p=3075\">Richtung R\u00fcgen<\/a><br \/>\n27.05.2015&nbsp; &nbsp;<a href=\"https:\/\/clicknet.ch\/wordpress\/?p=3102\">R\u00fcgen<\/a><br \/>\n02.06.2015&nbsp; &nbsp;<a href=\"https:\/\/clicknet.ch\/wordpress\/?p=3125\">R\u00fcgen &#8211; Trelleborg<\/a><br \/>\n03.06.2015&nbsp; &nbsp;<a href=\"https:\/\/clicknet.ch\/wordpress\/?p=3142\">Trelleborg &#8211; \u00c4hus<\/a><br \/>\n04.06.2015&nbsp; &nbsp;<a href=\"https:\/\/clicknet.ch\/wordpress\/?p=3166\">\u00c4hus &#8211; Insel \u00d6land<\/a><br \/>\n06.06.2015&nbsp; &nbsp;<a href=\"https:\/\/clicknet.ch\/wordpress\/?p=3187\">Insel \u00d6land &#8211; Hultsfred<\/a><br \/>\n07.06.2015&nbsp; &nbsp;<a href=\"https:\/\/clicknet.ch\/wordpress\/?p=3205\">Hultsfred &#8211; Gr\u00e4nna<\/a><br \/>\n08.06.2015&nbsp; &nbsp;<a href=\"https:\/\/clicknet.ch\/wordpress\/?p=3220\">Gr\u00e4nna &#8211; Tiveden<\/a><br \/>\n09.06.2015&nbsp; &nbsp;<a href=\"https:\/\/clicknet.ch\/wordpress\/?p=3240\">Tiveden &#8211; Insel Tors\u00f6<\/a><br \/>\n10.06.2015&nbsp; &nbsp;<a href=\"https:\/\/clicknet.ch\/wordpress\/?p=3258\">Insel Tors\u00f6 &#8211; Uddevalla<\/a><br \/>\n11.06.2015&nbsp; &nbsp;<a href=\"https:\/\/clicknet.ch\/wordpress\/?p=3291\">Uddevalla &#8211; Fj\u00e4llbacka<\/a><br \/>\n12.06.2015&nbsp; &nbsp;<a href=\"https:\/\/clicknet.ch\/wordpress\/?p=3305\">Udevalla-Varberg-Solager<\/a><br \/>\n13.06.2015&nbsp; &nbsp;<a href=\"https:\/\/clicknet.ch\/wordpress\/?p=3335\">Solager &#8211; Tarup<\/a><br \/>\n14.06.2015&nbsp; &nbsp;<a href=\"https:\/\/clicknet.ch\/wordpress\/?p=3360\">Tarup &#8211; Ronaes<\/a><br \/>\n15.06.2015&nbsp; &nbsp;<a href=\"https:\/\/clicknet.ch\/wordpress\/?p=3378\">Roneas &#8211; Ry<\/a><br \/>\n16.06.2015&nbsp; &nbsp;<a href=\"https:\/\/clicknet.ch\/wordpress\/?p=3409\">Ry &#8211; Ribe<\/a><br \/>\n18.06.2015&nbsp; &nbsp;<a href=\"https:\/\/clicknet.ch\/wordpress\/?p=3415\">Ribe &#8211; Egestorf<\/a><br \/>\n19.06.2015&nbsp; &nbsp;<a href=\"https:\/\/clicknet.ch\/wordpress\/?p=3438\">Egesdorf \u2013 Schweiz<\/a><\/p>\n<p>&nbsp;<\/p>\n<p>&nbsp;<\/p>\n","protected":false},"excerpt":{"rendered":"<p>&lt;&lt; zur\u00fcck&nbsp; &nbsp; &nbsp; &nbsp;alle Bilder S\u00fcdschweden &#8211; D\u00e4nemark&nbsp; &nbsp; &nbsp; Reise-Blog &gt;&gt; 25.05.2015&nbsp; &nbsp;Richtung R\u00fcgen 27.05.2015&nbsp; &nbsp;R\u00fcgen 02.06.2015&nbsp; &nbsp;R\u00fcgen &#8211; Trelleborg 03.06.2015&nbsp; &nbsp;Trelleborg &#8211; \u00c4hus 04.06.2015&nbsp; &nbsp;\u00c4hus &#8211; Insel \u00d6land 06.06.2015&nbsp; &nbsp;Insel \u00d6land &#8211; Hultsfred 07.06.2015&nbsp; &nbsp;Hultsfred &#8211; Gr\u00e4nna 08.06.2015&nbsp; &nbsp;Gr\u00e4nna &#8211; Tiveden 09.06.2015&nbsp; &nbsp;Tiveden &#8211; Insel Tors\u00f6 10.06.2015&nbsp; &nbsp;Insel Tors\u00f6 &#8211; Uddevalla 11.06.2015&nbsp; &nbsp;Uddevalla &#8211; Fj\u00e4llbacka 12.06.2015&nbsp; &nbsp;Udevalla-Varberg-Solager 13.06.2015&nbsp; &nbsp;Solager &#8211; Tarup 14.06.2015&nbsp; &nbsp;Tarup &#8211; Ronaes 15.06.2015&nbsp; &nbsp;Roneas &#8211; Ry 16.06.2015&nbsp; &nbsp;Ry &#8211; Ribe 18.06.2015&nbsp; &nbsp;Ribe &#8211; Egestorf 19.06.2015&nbsp; &nbsp;Egesdorf \u2013 Schweiz &nbsp; &nbsp;<\/p>\n","protected":false},"author":42,"featured_media":0,"comment_status":"open","ping_status":"closed","sticky":false,"template":"","format":"standard","meta":{"ngg_post_thumbnail":0,"footnotes":""},"categories":[159,7],"tags":[25,27,161,24,6],"class_list":["post-3063","post","type-post","status-publish","format-standard","hentry","category-deutschland-schweden-daenemark","category-wohnmobil-reisen","tag-daenemark","tag-deutschland","tag-europa","tag-suedschweden","tag-wohnmobil"],"_links":{"self":[{"href":"https:\/\/clicknet.ch\/wordpress\/index.php?rest_route=\/wp\/v2\/posts\/3063","targetHints":{"allow":["GET"]}}],"collection":[{"href":"https:\/\/clicknet.ch\/wordpress\/index.php?rest_route=\/wp\/v2\/posts"}],"about":[{"href":"https:\/\/clicknet.ch\/wordpress\/index.php?rest_route=\/wp\/v2\/types\/post"}],"author":[{"embeddable":true,"href":"https:\/\/clicknet.ch\/wordpress\/index.php?rest_route=\/wp\/v2\/users\/42"}],"replies":[{"embeddable":true,"href":"https:\/\/clicknet.ch\/wordpress\/index.php?rest_route=%2Fwp%2Fv2%2Fcomments&post=3063"}],"version-history":[{"count":13,"href":"https:\/\/clicknet.ch\/wordpress\/index.php?rest_route=\/wp\/v2\/posts\/3063\/revisions"}],"predecessor-version":[{"id":10361,"href":"https:\/\/clicknet.ch\/wordpress\/index.php?rest_route=\/wp\/v2\/posts\/3063\/revisions\/10361"}],"wp:attachment":[{"href":"https:\/\/clicknet.ch\/wordpress\/index.php?rest_route=%2Fwp%2Fv2%2Fmedia&parent=3063"}],"wp:term":[{"taxonomy":"category","embeddable":true,"href":"https:\/\/clicknet.ch\/wordpress\/index.php?rest_route=%2Fwp%2Fv2%2Fcategories&post=3063"},{"taxonomy":"post_tag","embeddable":true,"href":"https:\/\/clicknet.ch\/wordpress\/index.php?rest_route=%2Fwp%2Fv2%2Ftags&post=3063"}],"curies":[{"name":"wp","href":"https:\/\/api.w.org\/{rel}","templated":true}]}}