{"id":3166,"date":"2015-06-22T16:52:00","date_gmt":"2015-06-22T14:52:00","guid":{"rendered":"https:\/\/clicknet.ch\/wordpress\/?p=3166"},"modified":"2023-02-06T16:55:19","modified_gmt":"2023-02-06T15:55:19","slug":"aehus-insel-oeland-suedschweden-2015","status":"publish","type":"post","link":"https:\/\/clicknet.ch\/wordpress\/?p=3166","title":{"rendered":"\u00c4hus &#8211; Insel \u00d6land, S\u00fcdschweden 2015"},"content":{"rendered":"<p><a href=\"https:\/\/clicknet.ch\/wordpress\/?p=3063\">&lt;&lt; zur\u00fcck<\/a>&nbsp; &nbsp; 4. Juni 2015<\/p>\nngg_shortcode_0_placeholder\n","protected":false},"excerpt":{"rendered":"<p>&lt;&lt; zur\u00fcck&nbsp; &nbsp; 4. Juni 2015<\/p>\n","protected":false},"author":42,"featured_media":0,"comment_status":"open","ping_status":"closed","sticky":false,"template":"","format":"standard","meta":{"ngg_post_thumbnail":0,"footnotes":""},"categories":[159],"tags":[163,161,28,24],"class_list":["post-3166","post","type-post","status-publish","format-standard","hentry","category-deutschland-schweden-daenemark","tag-aehus","tag-europa","tag-oeland","tag-suedschweden"],"_links":{"self":[{"href":"https:\/\/clicknet.ch\/wordpress\/index.php?rest_route=\/wp\/v2\/posts\/3166","targetHints":{"allow":["GET"]}}],"collection":[{"href":"https:\/\/clicknet.ch\/wordpress\/index.php?rest_route=\/wp\/v2\/posts"}],"about":[{"href":"https:\/\/clicknet.ch\/wordpress\/index.php?rest_route=\/wp\/v2\/types\/post"}],"author":[{"embeddable":true,"href":"https:\/\/clicknet.ch\/wordpress\/index.php?rest_route=\/wp\/v2\/users\/42"}],"replies":[{"embeddable":true,"href":"https:\/\/clicknet.ch\/wordpress\/index.php?rest_route=%2Fwp%2Fv2%2Fcomments&post=3166"}],"version-history":[{"count":1,"href":"https:\/\/clicknet.ch\/wordpress\/index.php?rest_route=\/wp\/v2\/posts\/3166\/revisions"}],"predecessor-version":[{"id":3169,"href":"https:\/\/clicknet.ch\/wordpress\/index.php?rest_route=\/wp\/v2\/posts\/3166\/revisions\/3169"}],"wp:attachment":[{"href":"https:\/\/clicknet.ch\/wordpress\/index.php?rest_route=%2Fwp%2Fv2%2Fmedia&parent=3166"}],"wp:term":[{"taxonomy":"category","embeddable":true,"href":"https:\/\/clicknet.ch\/wordpress\/index.php?rest_route=%2Fwp%2Fv2%2Fcategories&post=3166"},{"taxonomy":"post_tag","embeddable":true,"href":"https:\/\/clicknet.ch\/wordpress\/index.php?rest_route=%2Fwp%2Fv2%2Ftags&post=3166"}],"curies":[{"name":"wp","href":"https:\/\/api.w.org\/{rel}","templated":true}]}}