{"id":3487,"date":"2014-09-14T17:37:56","date_gmt":"2014-09-14T15:37:56","guid":{"rendered":"https:\/\/clicknet.ch\/wordpress\/?p=3487"},"modified":"2023-02-20T16:46:32","modified_gmt":"2023-02-20T15:46:32","slug":"suedtirol-kaernten-schwarzwald-mosel-elsass-2014","status":"publish","type":"post","link":"https:\/\/clicknet.ch\/wordpress\/?p=3487","title":{"rendered":"S\u00fcdtirol &#8211; K\u00e4rnten &#8211; Schwarzwald &#8211; Mosel &#8211; Elsass, 2014"},"content":{"rendered":"<p><a href=\"https:\/\/clicknet.ch\/wordpress\/?p=3017\">&lt;&lt; zur\u00fcck<\/a>&nbsp; &nbsp;23.08. &#8211; 10.09.2014&nbsp; &nbsp; &nbsp; &nbsp;<a href=\"https:\/\/clicknet.ch\/wordpress\/?p=94\" target=\"_blank\" rel=\"noopener\">Reise-Blog&gt;&gt;<\/a><\/p>\n<hr \/>\n<p><a href=\"https:\/\/clicknet.ch\/wordpress\/?p=3626\">Graub\u00fcnden &#8211; Meran<\/a><br \/>\n<a href=\"https:\/\/clicknet.ch\/wordpress\/?p=3630\">Meran &#8211; Cortina &#8211; Lienz<\/a><br \/>\n<a href=\"https:\/\/clicknet.ch\/wordpress\/?p=3638\">Ossiachersee, K\u00e4rnten<\/a><br \/>\n<a href=\"https:\/\/clicknet.ch\/wordpress\/?p=3640\">Elbsee, Badenweiler<\/a><br \/>\n<a href=\"https:\/\/clicknet.ch\/wordpress\/?p=3642\">Mosel, Elsass<\/a><\/p>\n<p>&nbsp;<\/p>\n","protected":false},"excerpt":{"rendered":"<p>&lt;&lt; zur\u00fcck&nbsp; &nbsp;23.08. &#8211; 10.09.2014&nbsp; &nbsp; &nbsp; &nbsp;Reise-Blog&gt;&gt; Graub\u00fcnden &#8211; Meran Meran &#8211; Cortina &#8211; Lienz Ossiachersee, K\u00e4rnten Elbsee, Badenweiler Mosel, Elsass &nbsp;<\/p>\n","protected":false},"author":42,"featured_media":0,"comment_status":"open","ping_status":"closed","sticky":false,"template":"","format":"standard","meta":{"ngg_post_thumbnail":0,"footnotes":""},"categories":[186,7],"tags":[27,57,161,15,16,184,185,12,6],"class_list":["post-3487","post","type-post","status-publish","format-standard","hentry","category-suedtirol-kaernten-mosel","category-wohnmobil-reisen","tag-deutschland","tag-elsass","tag-europa","tag-kaernten","tag-mosel","tag-oesterreich","tag-schwarzwald","tag-suedtirol","tag-wohnmobil"],"_links":{"self":[{"href":"https:\/\/clicknet.ch\/wordpress\/index.php?rest_route=\/wp\/v2\/posts\/3487","targetHints":{"allow":["GET"]}}],"collection":[{"href":"https:\/\/clicknet.ch\/wordpress\/index.php?rest_route=\/wp\/v2\/posts"}],"about":[{"href":"https:\/\/clicknet.ch\/wordpress\/index.php?rest_route=\/wp\/v2\/types\/post"}],"author":[{"embeddable":true,"href":"https:\/\/clicknet.ch\/wordpress\/index.php?rest_route=\/wp\/v2\/users\/42"}],"replies":[{"embeddable":true,"href":"https:\/\/clicknet.ch\/wordpress\/index.php?rest_route=%2Fwp%2Fv2%2Fcomments&post=3487"}],"version-history":[{"count":7,"href":"https:\/\/clicknet.ch\/wordpress\/index.php?rest_route=\/wp\/v2\/posts\/3487\/revisions"}],"predecessor-version":[{"id":4783,"href":"https:\/\/clicknet.ch\/wordpress\/index.php?rest_route=\/wp\/v2\/posts\/3487\/revisions\/4783"}],"wp:attachment":[{"href":"https:\/\/clicknet.ch\/wordpress\/index.php?rest_route=%2Fwp%2Fv2%2Fmedia&parent=3487"}],"wp:term":[{"taxonomy":"category","embeddable":true,"href":"https:\/\/clicknet.ch\/wordpress\/index.php?rest_route=%2Fwp%2Fv2%2Fcategories&post=3487"},{"taxonomy":"post_tag","embeddable":true,"href":"https:\/\/clicknet.ch\/wordpress\/index.php?rest_route=%2Fwp%2Fv2%2Ftags&post=3487"}],"curies":[{"name":"wp","href":"https:\/\/api.w.org\/{rel}","templated":true}]}}